{"id":430,"date":"2018-04-18T12:07:57","date_gmt":"2018-04-18T10:07:57","guid":{"rendered":"https:\/\/mielyjalea.com\/blog\/?p=430"},"modified":"2018-04-18T12:07:57","modified_gmt":"2018-04-18T10:07:57","slug":"origen-miel-compramos","status":"publish","type":"post","link":"https:\/\/mielyjalea.com\/blog\/2018\/04\/18\/origen-miel-compramos\/","title":{"rendered":"El origen de la miel que compramos"},"content":{"rendered":"<p>El Ministerio de Agricultura y Pesca, Alimentaci\u00f3n y Medio Ambiente est\u00e1 bajo la presi\u00f3n del sector de la miel. Algunas cooperativas agro-alimentarias, la UPA, COAG y ASAJA exigen una normativa actual que obligue a detallar <strong>el pa\u00eds de origen de la miel<\/strong> y porcentajes en su etiquetado para combatir la mezcla de miel de China o Ucrania. Algunos pa\u00edses europeos como Italia o Polonia ya cuentan con una normativa as\u00ed.<\/p>\n<p>De esta manera, los apicultores espa\u00f1oles podr\u00e1n diferenciar de mejor manera sus producciones de miel frente a la importaci\u00f3n y la mezcla de miel de otros pa\u00edses. El consumidor podr\u00e1 as\u00ed reconocer la miel que est\u00e1 sometida a altos est\u00e1ndares de calidad y sanidad, o reconocer aquella que proviene de pa\u00edses terceros con unos controles m\u00e1s permisivos.<\/p>\n<p>En una d\u00e9cada <strong>se ha aumentado la importaci\u00f3n de la miel a pa\u00edses como China en un 109%<\/strong>, por lo tanto, est\u00e1 entrando miel de esos pa\u00edses al nuestro sin etiquetar, seg\u00fan <a href=\"http:\/\/www.agroinformacion.com\/piden-mejoras-etiquetado-la-miel-aumentar-la-competitividad-frente-la-importada-aumento-14\/\" target=\"_blank\" rel=\"noopener\">Agroinformaci\u00f3n<\/a>.<\/p>\n<p><a href=\"https:\/\/mielyjalea.com\/blog\/wp-content\/uploads\/2018\/04\/origen-de-la-miel-3.jpg\"><img decoding=\"async\" loading=\"lazy\" class=\"wp-image-431 aligncenter\" src=\"https:\/\/mielyjalea.com\/blog\/wp-content\/uploads\/2018\/04\/origen-de-la-miel-3.jpg\" alt=\"origen de la miel\" width=\"261\" height=\"391\" srcset=\"https:\/\/mielyjalea.com\/wp-content\/uploads\/2018\/04\/origen-de-la-miel-3.jpg 427w, https:\/\/mielyjalea.com\/wp-content\/uploads\/2018\/04\/origen-de-la-miel-3-200x300.jpg 200w\" sizes=\"(max-width: 261px) 100vw, 261px\" \/><\/a><\/p>\n<p>La miel es un alimento rico en multitud de <strong>vitaminas y nutrientes<\/strong> que incluso nos ayudan a <a href=\"https:\/\/mielyjalea.com\/blog\/2018\/01\/16\/miel-limon-aliviar-resfriados-gripe\/\" target=\"_blank\" rel=\"noopener\">aliviar los resfriados y la gripe<\/a>. Para conseguirlo, se necesita que sea lo m\u00e1s natural posible, ya que de esta forma se conservan todas sus propiedades naturales.<\/p>\n<p>La miel importada de pa\u00edses terceros se somete a <strong>procesos industriales para ser embotellada y optimizar costes<\/strong>, ya que es la \u00fanica forma de ser competitiva: en precio. De esta manera, la miel pierde su esencia y ya no es lo mismo.<\/p>\n<p>Pese a ello, \u00a1est\u00e1is de suerte! Toda la <strong>miel cruda<\/strong> que puedes encontrar en la <a href=\"https:\/\/mielyjalea.com\/\" target=\"_blank\" rel=\"noopener\">tienda online de\u00a0 MielyJalea<\/a> procede de <strong>expertos y artesanos apicultores que envasan la miel sin procesar <\/strong>de la manera tradicional. En MielyJalea s\u00f3lo tenemos <strong>miel que procede de apicultores espa\u00f1oles<\/strong>, ya que es la \u00fanica forma de mantener el compromiso de ofrecerte un <strong>producto natural, ecol\u00f3gico y de una calidad sublime. <\/strong><\/p>\n<p>\u00bfHas probado miel natural aut\u00e9ntica? Te recomendamos que pruebes la <a href=\"https:\/\/mielyjalea.com\/24-miel-de-nispero\" target=\"_blank\" rel=\"noopener\">miel de n\u00edspero<\/a> o la <a href=\"https:\/\/mielyjalea.com\/29-miel-de-bosque\" target=\"_blank\" rel=\"noopener\">miel de bosque<\/a> y aprecies todo su sabor natural. \u00a1Ah! Y no te olvides de nuestra <a href=\"https:\/\/mielyjalea.com\/productos-con-miel\/153-cuchara-de-miel.html\" target=\"_blank\" rel=\"noopener\">cuchara para miel<\/a>. \u00a1Sin ella no es lo mismo!<\/p>\n<p>&nbsp;<\/p>\n","protected":false},"excerpt":{"rendered":"<p>El Ministerio de Agricultura y Pesca, Alimentaci\u00f3n y Medio Ambiente est\u00e1 bajo la presi\u00f3n del sector de la miel. Algunas cooperativas agro-alimentarias, la UPA, COAG y ASAJA exigen una normativa actual que obligue a detallar el pa\u00eds de origen de la miel y porcentajes en su etiquetado para combatir la mezcla de miel de China [&hellip;]<\/p>\n","protected":false},"author":1,"featured_media":432,"comment_status":"open","ping_status":"open","sticky":false,"template":"","format":"standard","meta":[],"categories":[1,20],"tags":[],"_links":{"self":[{"href":"https:\/\/mielyjalea.com\/blog\/wp-json\/wp\/v2\/posts\/430"}],"collection":[{"href":"https:\/\/mielyjalea.com\/blog\/wp-json\/wp\/v2\/posts"}],"about":[{"href":"https:\/\/mielyjalea.com\/blog\/wp-json\/wp\/v2\/types\/post"}],"author":[{"embeddable":true,"href":"https:\/\/mielyjalea.com\/blog\/wp-json\/wp\/v2\/users\/1"}],"replies":[{"embeddable":true,"href":"https:\/\/mielyjalea.com\/blog\/wp-json\/wp\/v2\/comments?post=430"}],"version-history":[{"count":2,"href":"https:\/\/mielyjalea.com\/blog\/wp-json\/wp\/v2\/posts\/430\/revisions"}],"predecessor-version":[{"id":434,"href":"https:\/\/mielyjalea.com\/blog\/wp-json\/wp\/v2\/posts\/430\/revisions\/434"}],"wp:featuredmedia":[{"embeddable":true,"href":"https:\/\/mielyjalea.com\/blog\/wp-json\/wp\/v2\/media\/432"}],"wp:attachment":[{"href":"https:\/\/mielyjalea.com\/blog\/wp-json\/wp\/v2\/media?parent=430"}],"wp:term":[{"taxonomy":"category","embeddable":true,"href":"https:\/\/mielyjalea.com\/blog\/wp-json\/wp\/v2\/categories?post=430"},{"taxonomy":"post_tag","embeddable":true,"href":"https:\/\/mielyjalea.com\/blog\/wp-json\/wp\/v2\/tags?post=430"}],"curies":[{"name":"wp","href":"https:\/\/api.w.org\/{rel}","templated":true}]}}